{"id":2952,"date":"2019-06-29T21:34:16","date_gmt":"2019-06-29T19:34:16","guid":{"rendered":"http:\/\/zupajelah.ba\/?p=2952"},"modified":"2019-06-29T21:34:16","modified_gmt":"2019-06-29T19:34:16","slug":"proslava-patrona-filijalne-crkve-u-tesnju","status":"publish","type":"post","link":"https:\/\/zupajelah.ba\/?p=2952","title":{"rendered":"Proslava patrona filijalne crkve u Te\u0161nju"},"content":{"rendered":"<p>Na svetkovinu apostolskih prvaka Sv. Petra i Pavla, 29. lipnja, sve\u010dano je proslavljen patron filijalne crkve \u017eupe Jelah u Te\u0161nju.<\/p>\n<p>Te\u0161anjsku crkvu, koja je i spomenik kulturne ba\u0161tine Bosne i Hercegovine, pohodio je ve\u0107i broj vjernika iz cijelog Usorskog dekanata.<\/p>\n<p>I ove je godine jedna skupina \u017eupljana hodo\u010dastila pje\u0161ice od Sankovca (Jelah) do Te\u0161nja. Svetu misu predvodio je \u017eupnik <strong>don Ilija Marinovi\u0107<\/strong>.<\/p>\n<p>Zajednica vjernika koji \u017eive u Te\u0161nju organizirali su i dru\u017eenje uz zakusku nakon svete mise.<\/p>\n<p>www.nedjelja.ba<\/p>\n<p><a href=\"https:\/\/photos.app.goo.gl\/JbvAowDxRau49qRc9\"><span style=\"color: #ff0000;\">fotogalerija<\/span><\/a><\/p>\n","protected":false},"excerpt":{"rendered":"<p>Na svetkovinu apostolskih prvaka Sv. Petra i Pavla, 29. lipnja, sve\u010dano je proslavljen patron filijalne crkve \u017eupe Jelah u Te\u0161nju. Te\u0161anjsku crkvu, koja je i spomenik kulturne ba\u0161tine Bosne i<\/p>\n","protected":false},"author":2,"featured_media":2953,"comment_status":"closed","ping_status":"closed","sticky":false,"template":"","format":"standard","meta":{"footnotes":""},"categories":[5],"tags":[],"class_list":["post-2952","post","type-post","status-publish","format-standard","has-post-thumbnail","hentry","category-opcenito"],"_links":{"self":[{"href":"https:\/\/zupajelah.ba\/index.php?rest_route=\/wp\/v2\/posts\/2952","targetHints":{"allow":["GET"]}}],"collection":[{"href":"https:\/\/zupajelah.ba\/index.php?rest_route=\/wp\/v2\/posts"}],"about":[{"href":"https:\/\/zupajelah.ba\/index.php?rest_route=\/wp\/v2\/types\/post"}],"author":[{"embeddable":true,"href":"https:\/\/zupajelah.ba\/index.php?rest_route=\/wp\/v2\/users\/2"}],"replies":[{"embeddable":true,"href":"https:\/\/zupajelah.ba\/index.php?rest_route=%2Fwp%2Fv2%2Fcomments&post=2952"}],"version-history":[{"count":3,"href":"https:\/\/zupajelah.ba\/index.php?rest_route=\/wp\/v2\/posts\/2952\/revisions"}],"predecessor-version":[{"id":2956,"href":"https:\/\/zupajelah.ba\/index.php?rest_route=\/wp\/v2\/posts\/2952\/revisions\/2956"}],"wp:featuredmedia":[{"embeddable":true,"href":"https:\/\/zupajelah.ba\/index.php?rest_route=\/wp\/v2\/media\/2953"}],"wp:attachment":[{"href":"https:\/\/zupajelah.ba\/index.php?rest_route=%2Fwp%2Fv2%2Fmedia&parent=2952"}],"wp:term":[{"taxonomy":"category","embeddable":true,"href":"https:\/\/zupajelah.ba\/index.php?rest_route=%2Fwp%2Fv2%2Fcategories&post=2952"},{"taxonomy":"post_tag","embeddable":true,"href":"https:\/\/zupajelah.ba\/index.php?rest_route=%2Fwp%2Fv2%2Ftags&post=2952"}],"curies":[{"name":"wp","href":"https:\/\/api.w.org\/{rel}","templated":true}]}}