{"id":3083,"date":"2020-03-15T08:29:02","date_gmt":"2020-03-15T07:29:02","guid":{"rendered":"http:\/\/zupajelah.ba\/?p=3083"},"modified":"2020-03-15T08:29:45","modified_gmt":"2020-03-15T07:29:45","slug":"upute-i-odredbe-za-podrucje-bk-bih-za-ponasanje-u-situaciji-pandemije-koronavirusa","status":"publish","type":"post","link":"https:\/\/zupajelah.ba\/?p=3083","title":{"rendered":"Upute i odredbe za podru\u010dje BK BiH za pona\u0161anje u situaciji pandemije \u201ekoronavirusa\u201c"},"content":{"rendered":"<p style=\"text-align: justify;\">Uslijed pandemije \u201ekoronavirusa\u201c predsjednik Biskupske konferencije BiH, Vinko kard. Pulji\u0107, uputio je 13. o\u017eujka svim \u017eupama na podru\u010dju ove BK upute i odredbe za pona\u0161anje u novoj situaciji.<\/p>\n<p style=\"text-align: justify;\">Poruku naslovljenu na \u017eupnike i upravitelje \u017eupa, prenosimo u cijelosti:<\/p>\n<p style=\"text-align: justify;\">\u201eSada\u0161nja, slu\u017ebeno progla\u0161ena pandemija <em>koronavirusa<\/em> ti\u010de se svih \u010dlanova Katoli\u010dke Crkve.<\/p>\n<p style=\"text-align: justify;\">Nakon savjetovanja i dogovora kao dijecezanski biskupi zajedno vam upu\u0107ujemo \u2013 <strong>za sada<\/strong> \u2013 ove napomene da ih priop\u0107ite svojim \u017eupljanima i da se prema njima ravnate.<\/p>\n<p style=\"text-align: justify;\">I u ovoj sada\u0161njoj ku\u0161nji mi kao Kristovi vjernici svoje pouzdanje stavljamo u ruke svoga Stvoritelja i Spasitelja, uzdaju\u0107i se u mo\u0107ni maj\u010dinski zagovor Presvete Djevice i Bogorodice Marije. Stoga pozivamo sve \u010dlanove na\u0161ih biskupija na poja\u010danu osobnu i obiteljsku molitvu:<\/p>\n<p style=\"text-align: justify;\">&#8211; za oboljele od virusa,<\/p>\n<p style=\"text-align: justify;\">&#8211; za sve koji se za njih brinu,<\/p>\n<p style=\"text-align: justify;\">&#8211; za sve koji se brinu za zdravlje svih nas kao i za op\u0107e dobro,<\/p>\n<p style=\"text-align: justify;\">&#8211; za zaustavljanje daljnjega \u0161irenja ove po\u0161asti.<\/p>\n<p style=\"text-align: justify;\">Neka se na te nakane \u2013 gdje god je to mogu\u0107e \u2013 u prikladno vrijeme mole slavna otajstva Gospine krunice, Lauretanske (Gospine) litanije, Krunica Bo\u017ejeg milosr\u0111a i Molitva pape Franje, koju prila\u017eemo.<\/p>\n<p style=\"text-align: justify;\">Neka se \u010de\u0161\u0107e, osobito u misama s narodom, osim u nedjelje i na svetkovine (Sv. Josip i Blagovijest) uzme obrazac \u201eprigodne mise\u201c \u2013 \u201eU svakoj potrebi\u201c \u2013 A ili B \u2013 (RM str. 740 i 741), (usp. OURM 331 i 332).<\/p>\n<p style=\"text-align: justify;\">Kao kr\u0161\u0107ani du\u017eni smo sura\u0111ivati sa svima, kojima je povjereno voditi na\u0161e dru\u0161tvo i brinuti se za zdravlje i op\u0107e dobro u na\u0161oj zemlji. Zato se trebamo pridr\u017eavati uput\u00e2 koje izdaju civilne vlasti i mjerodavna ministarstva.<\/p>\n<p style=\"text-align: justify;\">Neka se, do daljnjega, u skladu s odredbama civilnih vlasti o prekidu djelovanja obrazovnih ustanova, ne odr\u017eava ni \u017eupni vjeronauk.<\/p>\n<p style=\"text-align: justify;\">Neka se kod odr\u017eavanja euharistijskih slavlja primjenjuju propisi o javnom okupljanju i \u2013 <strong>do daljnjega<\/strong> \u2013 ondje gdje je mogu\u0107e, neka se odr\u017eavaju na otvorenom prostoru.<\/p>\n<p style=\"text-align: justify;\">Starijim osobama i drugima koji su, prema mi\u0161ljenju struke, izlo\u017eenije opasnosti virusa, preporu\u010damo da dobro razmisle i sami odlu\u010de o dolasku na euharistijska slavlja.<\/p>\n<p style=\"text-align: justify;\">Vjernici, koji imaju obi\u010daj koristiti blagoslovljenu vodu kod ulaska u crkvu, zbog opreza mogu to ispustiti. Ako se smatra razboritim, mo\u017ee ispustiti poziv na pru\u017eanje ruke kod davanja znaka mira prije pri\u010desti.<\/p>\n<p style=\"text-align: justify;\">Sveta pri\u010dest neka se dijeli na uobi\u010dajeni na\u010din, ali neka sve\u0107enici pri tomu budu vrlo oprezni i po\u0161tuju volju vjernika.<\/p>\n<p style=\"text-align: justify;\">Kao Kristovi vjernici, ovu najnoviju pojavu kod nas i diljem zemaljske kugle iskoristimo na osobno i zajedni\u010dko duhovno obra\u0107enje i u\u010dvr\u0161\u0107enje me\u0111usobne solidarnosti u duhu Evan\u0111elja i crkvenoga nauka.<\/p>\n<p style=\"text-align: justify;\">Zazivamo Bo\u017eji blagoslov na sve bolesnike u svijetu, zdravstvene djelatnike, na sve vas i sve ljude i molimo zagovor Presvete Djevice i na\u0161ih svetih Za\u0161titnika.<\/p>\n<p style=\"text-align: justify;\">Sveta Bogorodice, Zdravlje bolesnih, moli za nas!\u201c<\/p>\n<p style=\"text-align: justify;\">Tako\u0111er, predsjednik BK BiH uz ove je upute i odredbe predlo\u017eio i molitvu <strong>pape Franje Djevici Mariji, Zdravlju bolesnih,<\/strong><\/p>\n<p style=\"text-align: justify;\"><em>Marijo, ti bez prestanka sjaji\u0161 tijekom na\u0161eg putovanja kao znak spasenja i nade. Povjeravamo ti sebe, Zdravlje bolesnih, koja si kraj Kri\u017ea bila blizu Isusove patnje, \u010duvaju\u0107i \u010dvrstom svoju vjeru. Ti, \u201eSpasiteljice naroda Rima\u201c zna\u0161 \u0161to nam je potrebno i vjerujemo da \u0107e\u0161 osigurati sve \u0161to nam treba tako da se, kao i u Kani Galilejskoj, radost i slavlje mogu iznova vratiti nakon ovog trenutka ku\u0161nje. Pomozi nam, Majko Bo\u017eje Ljubavi, da se suobli\u010dimo O\u010devoj volji i da \u010dinimo sve \u0161to nam Isus govori, On koji je preuzeo na\u0161e patnje na sebe, ponio na\u0161e boli, da bi nas po Kri\u017eu doveo do radosti Uskrsnu\u0107a. Tra\u017eimo uto\u010di\u0161te pod tvojom za\u0161titom, o sveta Majko Bo\u017eja. Ne preziri na\u0161e vapaje \u2013 nas koji smo stavljeni na ku\u0161nju \u2013 i izbavi nas od svake opasnosti. O slavna i blagoslovljena Djevice! Amen!<\/em><\/p>\n","protected":false},"excerpt":{"rendered":"<p>Uslijed pandemije \u201ekoronavirusa\u201c predsjednik Biskupske konferencije BiH, Vinko kard. Pulji\u0107, uputio je 13. o\u017eujka svim \u017eupama na podru\u010dju ove BK upute i odredbe za pona\u0161anje u novoj situaciji. Poruku naslovljenu<\/p>\n","protected":false},"author":2,"featured_media":3084,"comment_status":"closed","ping_status":"closed","sticky":false,"template":"","format":"standard","meta":{"footnotes":""},"categories":[5],"tags":[],"class_list":["post-3083","post","type-post","status-publish","format-standard","has-post-thumbnail","hentry","category-opcenito"],"_links":{"self":[{"href":"https:\/\/zupajelah.ba\/index.php?rest_route=\/wp\/v2\/posts\/3083","targetHints":{"allow":["GET"]}}],"collection":[{"href":"https:\/\/zupajelah.ba\/index.php?rest_route=\/wp\/v2\/posts"}],"about":[{"href":"https:\/\/zupajelah.ba\/index.php?rest_route=\/wp\/v2\/types\/post"}],"author":[{"embeddable":true,"href":"https:\/\/zupajelah.ba\/index.php?rest_route=\/wp\/v2\/users\/2"}],"replies":[{"embeddable":true,"href":"https:\/\/zupajelah.ba\/index.php?rest_route=%2Fwp%2Fv2%2Fcomments&post=3083"}],"version-history":[{"count":2,"href":"https:\/\/zupajelah.ba\/index.php?rest_route=\/wp\/v2\/posts\/3083\/revisions"}],"predecessor-version":[{"id":3086,"href":"https:\/\/zupajelah.ba\/index.php?rest_route=\/wp\/v2\/posts\/3083\/revisions\/3086"}],"wp:featuredmedia":[{"embeddable":true,"href":"https:\/\/zupajelah.ba\/index.php?rest_route=\/wp\/v2\/media\/3084"}],"wp:attachment":[{"href":"https:\/\/zupajelah.ba\/index.php?rest_route=%2Fwp%2Fv2%2Fmedia&parent=3083"}],"wp:term":[{"taxonomy":"category","embeddable":true,"href":"https:\/\/zupajelah.ba\/index.php?rest_route=%2Fwp%2Fv2%2Fcategories&post=3083"},{"taxonomy":"post_tag","embeddable":true,"href":"https:\/\/zupajelah.ba\/index.php?rest_route=%2Fwp%2Fv2%2Ftags&post=3083"}],"curies":[{"name":"wp","href":"https:\/\/api.w.org\/{rel}","templated":true}]}}