{"id":3369,"date":"2021-12-26T15:26:34","date_gmt":"2021-12-26T14:26:34","guid":{"rendered":"http:\/\/zupajelah.ba\/?p=3369"},"modified":"2021-12-26T15:26:34","modified_gmt":"2021-12-26T14:26:34","slug":"preminuo-vlc-ivan-bosnjak","status":"publish","type":"post","link":"https:\/\/zupajelah.ba\/?p=3369","title":{"rendered":"Preminuo vl\u010d. Ivan Bo\u0161njak"},"content":{"rendered":"<p style=\"text-align: justify;\">U ve\u010dernjim satima na Bo\u017ei\u0107, 25. prosinca u bolnici u Mostaru u svojoj 84. godini \u017eivota i 56. sve\u0107eni\u0161tva preminuo je umirovljeni sve\u0107enik Vrhbosanske nadbiskupije vl\u010d. Ivan Bo\u0161njak.<\/p>\n<p style=\"text-align: justify;\">Misa zadu\u0161nica bit \u0107e u utorak, 28. prosinca u 11:00 u \u017eupnoj crkvi u Prozoru, a nakon toga uslijedit \u0107e ukopni obredi na mjesnom groblju u selu Borovnica.<\/p>\n<p>Vi\u0161e informacija pogledajte na <a href=\"https:\/\/www.nedjelja.ba\/hr\/vijesti\/bih\/preminuo-vlc-ivan-bosnjak\/23598\">LINK<\/a><\/p>\n","protected":false},"excerpt":{"rendered":"<p>U ve\u010dernjim satima na Bo\u017ei\u0107, 25. prosinca u bolnici u Mostaru u svojoj 84. godini \u017eivota i 56. sve\u0107eni\u0161tva preminuo je umirovljeni sve\u0107enik Vrhbosanske nadbiskupije vl\u010d. Ivan Bo\u0161njak. Misa zadu\u0161nica<\/p>\n","protected":false},"author":2,"featured_media":0,"comment_status":"closed","ping_status":"closed","sticky":false,"template":"","format":"standard","meta":{"footnotes":""},"categories":[5],"tags":[],"class_list":["post-3369","post","type-post","status-publish","format-standard","hentry","category-opcenito"],"_links":{"self":[{"href":"https:\/\/zupajelah.ba\/index.php?rest_route=\/wp\/v2\/posts\/3369","targetHints":{"allow":["GET"]}}],"collection":[{"href":"https:\/\/zupajelah.ba\/index.php?rest_route=\/wp\/v2\/posts"}],"about":[{"href":"https:\/\/zupajelah.ba\/index.php?rest_route=\/wp\/v2\/types\/post"}],"author":[{"embeddable":true,"href":"https:\/\/zupajelah.ba\/index.php?rest_route=\/wp\/v2\/users\/2"}],"replies":[{"embeddable":true,"href":"https:\/\/zupajelah.ba\/index.php?rest_route=%2Fwp%2Fv2%2Fcomments&post=3369"}],"version-history":[{"count":1,"href":"https:\/\/zupajelah.ba\/index.php?rest_route=\/wp\/v2\/posts\/3369\/revisions"}],"predecessor-version":[{"id":3370,"href":"https:\/\/zupajelah.ba\/index.php?rest_route=\/wp\/v2\/posts\/3369\/revisions\/3370"}],"wp:attachment":[{"href":"https:\/\/zupajelah.ba\/index.php?rest_route=%2Fwp%2Fv2%2Fmedia&parent=3369"}],"wp:term":[{"taxonomy":"category","embeddable":true,"href":"https:\/\/zupajelah.ba\/index.php?rest_route=%2Fwp%2Fv2%2Fcategories&post=3369"},{"taxonomy":"post_tag","embeddable":true,"href":"https:\/\/zupajelah.ba\/index.php?rest_route=%2Fwp%2Fv2%2Ftags&post=3369"}],"curies":[{"name":"wp","href":"https:\/\/api.w.org\/{rel}","templated":true}]}}