{"id":3588,"date":"2022-10-26T20:27:22","date_gmt":"2022-10-26T18:27:22","guid":{"rendered":"https:\/\/zupajelah.ba\/?p=3588"},"modified":"2022-10-26T20:56:12","modified_gmt":"2022-10-26T18:56:12","slug":"u-nedjelju-23-listopada-u-zupi-sv-ivana-krstitelja-u-jelahu-mladu-misu-slavio-je-vlc-stipe-filipovic","status":"publish","type":"post","link":"https:\/\/zupajelah.ba\/?p=3588","title":{"rendered":"U nedjelju 23. listopada u \u017eupi Sv. Ivana Krstitelja u Jelahu mladu misu slavio je vl\u010d. Stipe Filipovi\u0107"},"content":{"rendered":"<p>U koncelebraciji s mladomisnikom bili su: njegov kum <strong>vl\u010d. Ivan Polet<\/strong>, kancelar Beogradske nadbiskupije, <strong>vl\u010d.\u00a0Andrej \u0110uraj<\/strong>,<strong>\u00a0<\/strong>izaslanik beogradskog nadbiskupa<strong> mons. Stanislava Ho\u010devara<\/strong> te \u017eupnik\u00a0<strong>vl\u010d. Ilija\u00a0Marinovi\u0107<\/strong>, a kod oltara poslu\u017eivali su \u0111akoni i ministranti iz Beograda.<\/p>\n<p>Uz brojnu obitelj i rodbinu, \u017eupljane \u017eupe Jelah, kao i okolnih \u017eupa, na svetoj misi sudjelovali su i gosti iz beogradskog Caritasa, kao i sestre milosrdnice iz Beograda.<\/p>\n<p>Propovijed je izrekao\u00a0vl\u010d. Poleto\u00a0uputiv\u0161i rije\u010di ohrabrenja mladomisniku.<\/p>\n<p>Na kraju svete mise vl\u010d. Stipe se emotivno obratio i zahvalio svima koji su sudjelovali u organizaciji i\u00a0svim dobro\u010diniteljima. Posebnu zahvalu iskazao je \u017eupniku vl\u010d. Iliji na spremnosti za organizaciju i gostoprimstvo, ali i svima koji mu iskazuju potporu te mole za njega. Ujedno je i pozvao okupljene za obiteljski stol.<\/p>\n<p>Sve\u010danu svetu misu, na kojoj se okupilo nekoliko stotina vjernika, animirao je \u017eupni zbor \u017eupe Jelah.<\/p>\n<p>Vl\u010d. Stipo je ro\u0111en u vrijeme posljednjega rata u Zagrebu, kamo su njegovi roditelji\u00a0<strong>Anto<\/strong> i <strong>Nada <\/strong>izbjegli iz rodne im Usore.\u00a0Studij je zavr\u0161io na Flozofsko-teolo\u0161kom institutu Dru\u017ebe Isusove u Zagrebu, ali se odlu\u010dio postati sve\u0107enikom Beogradske nadbiskupije, gdje\u00a0ga je po\u010detkom listopada zaredio mons. Ho\u010devar.<\/p>\n<p>A.M.\/ J.M., KT<\/p>\n<p>Link <a href=\"https:\/\/photos.app.goo.gl\/jUWrBQdKg5M7EXqg7\">fotografije<\/a>.<\/p>\n","protected":false},"excerpt":{"rendered":"<p>U koncelebraciji s mladomisnikom bili su: njegov kum vl\u010d. Ivan Polet, kancelar Beogradske nadbiskupije, vl\u010d.\u00a0Andrej \u0110uraj,\u00a0izaslanik beogradskog nadbiskupa mons. Stanislava Ho\u010devara te \u017eupnik\u00a0vl\u010d. Ilija\u00a0Marinovi\u0107, a kod oltara poslu\u017eivali su \u0111akoni<\/p>\n","protected":false},"author":2,"featured_media":3589,"comment_status":"closed","ping_status":"closed","sticky":false,"template":"","format":"standard","meta":{"footnotes":""},"categories":[5],"tags":[],"class_list":["post-3588","post","type-post","status-publish","format-standard","has-post-thumbnail","hentry","category-opcenito"],"_links":{"self":[{"href":"https:\/\/zupajelah.ba\/index.php?rest_route=\/wp\/v2\/posts\/3588","targetHints":{"allow":["GET"]}}],"collection":[{"href":"https:\/\/zupajelah.ba\/index.php?rest_route=\/wp\/v2\/posts"}],"about":[{"href":"https:\/\/zupajelah.ba\/index.php?rest_route=\/wp\/v2\/types\/post"}],"author":[{"embeddable":true,"href":"https:\/\/zupajelah.ba\/index.php?rest_route=\/wp\/v2\/users\/2"}],"replies":[{"embeddable":true,"href":"https:\/\/zupajelah.ba\/index.php?rest_route=%2Fwp%2Fv2%2Fcomments&post=3588"}],"version-history":[{"count":4,"href":"https:\/\/zupajelah.ba\/index.php?rest_route=\/wp\/v2\/posts\/3588\/revisions"}],"predecessor-version":[{"id":3593,"href":"https:\/\/zupajelah.ba\/index.php?rest_route=\/wp\/v2\/posts\/3588\/revisions\/3593"}],"wp:featuredmedia":[{"embeddable":true,"href":"https:\/\/zupajelah.ba\/index.php?rest_route=\/wp\/v2\/media\/3589"}],"wp:attachment":[{"href":"https:\/\/zupajelah.ba\/index.php?rest_route=%2Fwp%2Fv2%2Fmedia&parent=3588"}],"wp:term":[{"taxonomy":"category","embeddable":true,"href":"https:\/\/zupajelah.ba\/index.php?rest_route=%2Fwp%2Fv2%2Fcategories&post=3588"},{"taxonomy":"post_tag","embeddable":true,"href":"https:\/\/zupajelah.ba\/index.php?rest_route=%2Fwp%2Fv2%2Ftags&post=3588"}],"curies":[{"name":"wp","href":"https:\/\/api.w.org\/{rel}","templated":true}]}}